{"id":63030,"date":"2026-02-20T11:02:20","date_gmt":"2026-02-20T10:02:20","guid":{"rendered":"https:\/\/www.sos-light.ch\/professionelle-beleuchtung-am-bahnhof-lausanne-modernisierung-der-beleuchtung-im-restaurant-chez-cff\/"},"modified":"2026-04-27T15:55:52","modified_gmt":"2026-04-27T13:55:52","slug":"professionelle-beleuchtung-am-bahnhof-lausanne-modernisierung-der-beleuchtung-im-restaurant-chez-cff","status":"publish","type":"post","link":"https:\/\/www.sos-light.ch\/de\/professionelle-beleuchtung-am-bahnhof-lausanne-modernisierung-der-beleuchtung-im-restaurant-chez-cff\/","title":{"rendered":"Professionelle Beleuchtung am Bahnhof Lausanne: Modernisierung der Beleuchtung im Restaurant \u201eChez CFF\u201c"},"content":{"rendered":"\t\t<div data-elementor-type=\"wp-post\" data-elementor-id=\"63030\" class=\"elementor elementor-63030 elementor-49772\" data-elementor-post-type=\"post\">\n\t\t\t\t\t\t<section class=\"elementor-section elementor-top-section elementor-element elementor-element-7e3bf0b3 elementor-section-boxed elementor-section-height-default elementor-section-height-default\" data-id=\"7e3bf0b3\" data-element_type=\"section\" data-e-type=\"section\">\n\t\t\t\t\t\t<div class=\"elementor-container elementor-column-gap-default\">\n\t\t\t\t\t<div class=\"elementor-column elementor-col-100 elementor-top-column elementor-element elementor-element-5767e679\" data-id=\"5767e679\" data-element_type=\"column\" data-e-type=\"column\">\n\t\t\t<div class=\"elementor-widget-wrap elementor-element-populated\">\n\t\t\t\t\t\t<div class=\"elementor-element elementor-element-5fc136e elementor-arrows-position-inside elementor-pagination-position-outside elementor-widget elementor-widget-image-carousel\" data-id=\"5fc136e\" data-element_type=\"widget\" data-e-type=\"widget\" data-settings=\"{&quot;slides_to_show&quot;:&quot;1&quot;,&quot;navigation&quot;:&quot;both&quot;,&quot;autoplay&quot;:&quot;yes&quot;,&quot;pause_on_hover&quot;:&quot;yes&quot;,&quot;pause_on_interaction&quot;:&quot;yes&quot;,&quot;autoplay_speed&quot;:5000,&quot;infinite&quot;:&quot;yes&quot;,&quot;effect&quot;:&quot;slide&quot;,&quot;speed&quot;:500}\" data-widget_type=\"image-carousel.default\">\n\t\t\t\t<div class=\"elementor-widget-container\">\n\t\t\t\t\t\t\t<div class=\"elementor-image-carousel-wrapper swiper\" role=\"region\" aria-roledescription=\"carousel\" aria-label=\"Carrousel d\u2019images\" dir=\"ltr\">\n\t\t\t<div class=\"elementor-image-carousel swiper-wrapper swiper-image-stretch\" aria-live=\"off\">\n\t\t\t\t\t\t\t\t<div class=\"swiper-slide\" role=\"group\" aria-roledescription=\"slide\" aria-label=\"1 von 5\"><figure class=\"swiper-slide-inner\"><img decoding=\"async\" class=\"swiper-slide-image\" src=\"https:\/\/www.sos-light.ch\/wp-content\/uploads\/2026\/02\/Eclairage-professionnel-a-la-gare-de-Lausanne.png\" alt=\"Professionelle Beleuchtung am Bahnhof Lausanne\" \/><\/figure><\/div><div class=\"swiper-slide\" role=\"group\" aria-roledescription=\"slide\" aria-label=\"2 von 5\"><figure class=\"swiper-slide-inner\"><img decoding=\"async\" class=\"swiper-slide-image\" src=\"https:\/\/www.sos-light.ch\/wp-content\/uploads\/2026\/02\/Eclairage-professionnel-a-la-gare-de-Lausanne-2.png\" alt=\"Professionelle Beleuchtung am Bahnhof Lausanne\" \/><\/figure><\/div><div class=\"swiper-slide\" role=\"group\" aria-roledescription=\"slide\" aria-label=\"3 von 5\"><figure class=\"swiper-slide-inner\"><img decoding=\"async\" class=\"swiper-slide-image\" src=\"https:\/\/www.sos-light.ch\/wp-content\/uploads\/2026\/02\/Eclairage-professionnel-a-la-gare-de-Lausanne-3.png\" alt=\"Professionelle Beleuchtung am Bahnhof Lausanne\" \/><\/figure><\/div><div class=\"swiper-slide\" role=\"group\" aria-roledescription=\"slide\" aria-label=\"4 von 5\"><figure class=\"swiper-slide-inner\"><img decoding=\"async\" class=\"swiper-slide-image\" src=\"https:\/\/www.sos-light.ch\/wp-content\/uploads\/2026\/02\/Eclairage-professionnel-a-la-gare-de-Lausanne-4.png\" alt=\"Professionelle Beleuchtung am Bahnhof Lausanne\" \/><\/figure><\/div><div class=\"swiper-slide\" role=\"group\" aria-roledescription=\"slide\" aria-label=\"5 von 5\"><figure class=\"swiper-slide-inner\"><img decoding=\"async\" class=\"swiper-slide-image\" src=\"https:\/\/www.sos-light.ch\/wp-content\/uploads\/2026\/02\/Eclairage-professionnel-a-la-gare-de-Lausanne-5.png\" alt=\"Professionelle Beleuchtung am Bahnhof Lausanne\" \/><\/figure><\/div>\t\t\t<\/div>\n\t\t\t\t\t\t\t\t\t\t\t\t<div class=\"elementor-swiper-button elementor-swiper-button-prev\" role=\"button\" tabindex=\"0\">\n\t\t\t\t\t\t<i aria-hidden=\"true\" class=\"eicon-chevron-left\"><\/i>\t\t\t\t\t<\/div>\n\t\t\t\t\t<div class=\"elementor-swiper-button elementor-swiper-button-next\" role=\"button\" tabindex=\"0\">\n\t\t\t\t\t\t<i aria-hidden=\"true\" class=\"eicon-chevron-right\"><\/i>\t\t\t\t\t<\/div>\n\t\t\t\t\n\t\t\t\t\t\t\t\t\t<div class=\"swiper-pagination\"><\/div>\n\t\t\t\t\t\t\t\t\t<\/div>\n\t\t\t\t\t\t<\/div>\n\t\t\t\t<\/div>\n\t\t\t\t<div class=\"elementor-element elementor-element-673109da elementor-widget elementor-widget-text-editor\" data-id=\"673109da\" data-element_type=\"widget\" data-e-type=\"widget\" data-widget_type=\"text-editor.default\">\n\t\t\t\t<div class=\"elementor-widget-container\">\n\t\t\t\t\t\t\t\t\t\n<p><strong>Die professionelle Beleuchtung am Bahnhof Lausanne<\/strong> spielt eine wesentliche Rolle f\u00fcr die Qualit\u00e4t des Empfangs und das Erlebnis, das Reisenden und Mitarbeitenden geboten wird. In diesem Zusammenhang hatte SOS-Light das Vergn\u00fcgen, in Zusammenarbeit mit der SBB die Modernisierung des Restaurants <em>\u00abChez CFF\u00bb<\/em> zu begleiten. Dieses Projekt spiegelt unser Engagement wider, leistungsstarke, nachhaltige und perfekt auf stark frequentierte \u00f6ffentliche Bereiche abgestimmte Beleuchtungsl\u00f6sungen zu entwickeln.  <\/p>\n\n\n\n<div style=\"height:20px\" aria-hidden=\"true\" class=\"wp-block-spacer\"><\/div>\n\n\n\n<h2 class=\"wp-block-heading\">Eine Beleuchtung, die den Gastronomiebereich optimal zur Geltung bringt<\/h2>\n\n\n\n<p>F\u00fcr diese <strong>professionelle Beleuchtungsma\u00dfnahme am Bahnhof Lausanne<\/strong> haben unsere Teams die Lieferung und die Installation unserer <strong>Astris<\/strong>-Leuchten \u00fcbernommen \u2013 h\u00e4ngende Kuppelleuchten, die aufgrund ihrer Leistungsf\u00e4higkeit und ihrer harmonischen Einbindung in das industrielle Ambiente des Restaurants ausgew\u00e4hlt wurden.<\/p>\n\n\n\n<h3 class=\"wp-block-heading\">Eine Auswahl an Leuchten, die auf die Anforderungen des Raums abgestimmt ist<\/h3>\n\n\n\n<p>Die Astris-Leuchten bieten mehrere wesentliche Vorteile:<\/p>\n\n\n\n<ul class=\"wp-block-list\">\n<li><strong>Ein gleichm\u00e4\u00dfiges und leistungsstarkes Licht<\/strong>, ideal f\u00fcr Gastronomiebereiche<\/li>\n\n\n\n<li><strong>Optimaler Sehkomfort<\/strong> f\u00fcr Mitarbeiter und Kunden<\/li>\n\n\n\n<li><strong>Eine gepflegte \u00c4sthetik<\/strong>, die sich nahtlos in die Architektur des Restaurants einf\u00fcgt<\/li>\n\n\n\n<li><strong>Eine nachhaltige LED-L\u00f6sung<\/strong>, geeignet f\u00fcr stark frequentierte Orte<\/li>\n\n\n\n<li><strong>H\u00f6here Energieeffizienz<\/strong> im t\u00e4glichen Betrieb<\/li>\n<\/ul>\n\n\n\n<p>Dank dieser Entscheidung herrscht im Restaurant eine helle, gem\u00fctliche und professionelle Atmosph\u00e4re.<\/p>\n\n\n\n<div style=\"height:20px\" aria-hidden=\"true\" class=\"wp-block-spacer\"><\/div>\n\n\n\n<h2 class=\"wp-block-heading\">Eine technische Partnerschaft im Dienste der Qualit\u00e4t<\/h2>\n\n\n\n<p>Dieses <strong>professionelle Beleuchtungsprojekt am Bahnhof Lausanne<\/strong> wurde in Zusammenarbeit mit <strong>CIEL \u00c9lectricit\u00e9 SA<\/strong> durchgef\u00fchrt, wodurch eine fachgerechte Installation gew\u00e4hrleistet wurde, die den technischen Anforderungen des Standorts entspricht. Gemeinsam haben wir eine Beleuchtung realisiert, die sowohl elegant als auch zuverl\u00e4ssig und nachhaltig ist. <\/p>\n\n\n\n<p>Dieses <strong>professionelle Beleuchtungsprojekt am Bahnhof Lausanne<\/strong> zeigt, dass wir in der Lage sind, ma\u00dfgeschneiderte Beleuchtungsl\u00f6sungen anzubieten, die den Anforderungen von \u00f6ffentlichen R\u00e4umen, Restaurants und stark frequentierten Bereichen gerecht werden.<\/p>\n\n\n\n<p>\ud83d\udf93 <strong>Kontaktieren Sie uns noch heute<\/strong> f\u00fcr eine Lichtplanung oder eine auf Ihre Einrichtung zugeschnittene L\u00f6sung.<\/p>\n\n\n\n<p><\/p>\n\t\t\t\t\t\t\t\t<\/div>\n\t\t\t\t<\/div>\n\t\t\t\t<div class=\"elementor-element elementor-element-afc65fe elementor-align-center elementor-widget elementor-widget-button\" data-id=\"afc65fe\" data-element_type=\"widget\" data-e-type=\"widget\" data-widget_type=\"button.default\">\n\t\t\t\t<div class=\"elementor-widget-container\">\n\t\t\t\t\t\t\t\t\t<div class=\"elementor-button-wrapper\">\n\t\t\t\t\t<a class=\"elementor-button elementor-button-link elementor-size-sm\" href=\"http:\/\/www.sos-light.ch\/de\/contakt\">\n\t\t\t\t\t\t<span class=\"elementor-button-content-wrapper\">\n\t\t\t\t\t\t\t\t\t<span class=\"elementor-button-text\">Kontaktieren Sie uns<\/span>\n\t\t\t\t\t<\/span>\n\t\t\t\t\t<\/a>\n\t\t\t\t<\/div>\n\t\t\t\t\t\t\t\t<\/div>\n\t\t\t\t<\/div>\n\t\t\t\t\t<\/div>\n\t\t<\/div>\n\t\t\t\t\t<\/div>\n\t\t<\/section>\n\t\t\t\t<\/div>\n\t\t","protected":false},"excerpt":{"rendered":"<p>Die professionelle Beleuchtung am Bahnhof Lausanne spielt eine wesentliche Rolle f\u00fcr die Qualit\u00e4t des Empfangs und das Erlebnis, das Reisenden und Mitarbeitenden geboten wird. In diesem Zusammenhang hatte SOS-Light das Vergn\u00fcgen, in Zusammenarbeit mit der SBB die Modernisierung des Restaurants \u00abChez CFF\u00bb zu begleiten. Dieses Projekt spiegelt unser Engagement wider, leistungsstarke, nachhaltige und perfekt auf [&hellip;]<\/p>\n","protected":false},"author":3,"featured_media":63031,"comment_status":"closed","ping_status":"open","sticky":false,"template":"","format":"standard","meta":{"_acf_changed":false,"_eb_attr":"","footnotes":""},"categories":[5849],"tags":[],"class_list":["post-63030","post","type-post","status-publish","format-standard","has-post-thumbnail","hentry","category-projekt"],"acf":[],"yoast_head":"<!-- This site is optimized with the Yoast SEO plugin v27.4 - https:\/\/yoast.com\/product\/yoast-seo-wordpress\/ -->\n<title>Professionelle Beleuchtung am Bahnhof Lausanne - SOS-Light<\/title>\n<meta name=\"description\" content=\"Entdecken Sie unser professionelles Beleuchtungsprojekt am Bahnhof Lausanne: leistungsstarke und \u00e4sthetische Astris-Leuchten f\u00fcr das Restaurant \u201eChez CFF\u201c.\" \/>\n<meta name=\"robots\" content=\"index, follow, max-snippet:-1, max-image-preview:large, max-video-preview:-1\" \/>\n<link rel=\"canonical\" href=\"https:\/\/www.sos-light.ch\/de\/professionelle-beleuchtung-am-bahnhof-lausanne-modernisierung-der-beleuchtung-im-restaurant-chez-cff\/\" \/>\n<meta property=\"og:locale\" content=\"de_DE\" \/>\n<meta property=\"og:type\" content=\"article\" \/>\n<meta property=\"og:title\" content=\"Professionelle Beleuchtung am Bahnhof Lausanne - SOS-Light\" \/>\n<meta property=\"og:description\" content=\"Entdecken Sie unser professionelles Beleuchtungsprojekt am Bahnhof Lausanne: leistungsstarke und \u00e4sthetische Astris-Leuchten f\u00fcr das Restaurant \u201eChez CFF\u201c.\" \/>\n<meta property=\"og:url\" content=\"https:\/\/www.sos-light.ch\/de\/professionelle-beleuchtung-am-bahnhof-lausanne-modernisierung-der-beleuchtung-im-restaurant-chez-cff\/\" \/>\n<meta property=\"og:site_name\" content=\"SOS-Light\" \/>\n<meta property=\"article:published_time\" content=\"2026-02-20T10:02:20+00:00\" \/>\n<meta property=\"article:modified_time\" content=\"2026-04-27T13:55:52+00:00\" \/>\n<meta property=\"og:image\" content=\"https:\/\/www.sos-light.ch\/wp-content\/uploads\/2026\/02\/Eclairage-professionnel-a-la-gare-de-Lausanne.png\" \/>\n\t<meta property=\"og:image:width\" content=\"1400\" \/>\n\t<meta property=\"og:image:height\" content=\"933\" \/>\n\t<meta property=\"og:image:type\" content=\"image\/png\" \/>\n<meta name=\"author\" content=\"Menaka Kanagaratnam\" \/>\n<meta name=\"twitter:card\" content=\"summary_large_image\" \/>\n<meta name=\"twitter:label1\" content=\"Verfasst von\" \/>\n\t<meta name=\"twitter:data1\" content=\"Menaka Kanagaratnam\" \/>\n\t<meta name=\"twitter:label2\" content=\"Gesch\u00e4tzte Lesezeit\" \/>\n\t<meta name=\"twitter:data2\" content=\"2\u00a0Minuten\" \/>\n<script type=\"application\/ld+json\" class=\"yoast-schema-graph\">{\"@context\":\"https:\\\/\\\/schema.org\",\"@graph\":[{\"@type\":\"Article\",\"@id\":\"https:\\\/\\\/www.sos-light.ch\\\/de\\\/professionelle-beleuchtung-am-bahnhof-lausanne-modernisierung-der-beleuchtung-im-restaurant-chez-cff\\\/#article\",\"isPartOf\":{\"@id\":\"https:\\\/\\\/www.sos-light.ch\\\/de\\\/professionelle-beleuchtung-am-bahnhof-lausanne-modernisierung-der-beleuchtung-im-restaurant-chez-cff\\\/\"},\"author\":{\"name\":\"Menaka Kanagaratnam\",\"@id\":\"https:\\\/\\\/www.sos-light.ch\\\/de\\\/#\\\/schema\\\/person\\\/615c158d62daf7f1724cad9d47abc654\"},\"headline\":\"Professionelle Beleuchtung am Bahnhof Lausanne: Modernisierung der Beleuchtung im Restaurant \u201eChez CFF\u201c\",\"datePublished\":\"2026-02-20T10:02:20+00:00\",\"dateModified\":\"2026-04-27T13:55:52+00:00\",\"mainEntityOfPage\":{\"@id\":\"https:\\\/\\\/www.sos-light.ch\\\/de\\\/professionelle-beleuchtung-am-bahnhof-lausanne-modernisierung-der-beleuchtung-im-restaurant-chez-cff\\\/\"},\"wordCount\":313,\"publisher\":{\"@id\":\"https:\\\/\\\/www.sos-light.ch\\\/de\\\/#organization\"},\"image\":{\"@id\":\"https:\\\/\\\/www.sos-light.ch\\\/de\\\/professionelle-beleuchtung-am-bahnhof-lausanne-modernisierung-der-beleuchtung-im-restaurant-chez-cff\\\/#primaryimage\"},\"thumbnailUrl\":\"https:\\\/\\\/www.sos-light.ch\\\/wp-content\\\/uploads\\\/2026\\\/02\\\/Eclairage-professionnel-a-la-gare-de-Lausanne.png\",\"articleSection\":[\"Projekt\"],\"inLanguage\":\"de\"},{\"@type\":\"WebPage\",\"@id\":\"https:\\\/\\\/www.sos-light.ch\\\/de\\\/professionelle-beleuchtung-am-bahnhof-lausanne-modernisierung-der-beleuchtung-im-restaurant-chez-cff\\\/\",\"url\":\"https:\\\/\\\/www.sos-light.ch\\\/de\\\/professionelle-beleuchtung-am-bahnhof-lausanne-modernisierung-der-beleuchtung-im-restaurant-chez-cff\\\/\",\"name\":\"Professionelle Beleuchtung am Bahnhof Lausanne - SOS-Light\",\"isPartOf\":{\"@id\":\"https:\\\/\\\/www.sos-light.ch\\\/de\\\/#website\"},\"primaryImageOfPage\":{\"@id\":\"https:\\\/\\\/www.sos-light.ch\\\/de\\\/professionelle-beleuchtung-am-bahnhof-lausanne-modernisierung-der-beleuchtung-im-restaurant-chez-cff\\\/#primaryimage\"},\"image\":{\"@id\":\"https:\\\/\\\/www.sos-light.ch\\\/de\\\/professionelle-beleuchtung-am-bahnhof-lausanne-modernisierung-der-beleuchtung-im-restaurant-chez-cff\\\/#primaryimage\"},\"thumbnailUrl\":\"https:\\\/\\\/www.sos-light.ch\\\/wp-content\\\/uploads\\\/2026\\\/02\\\/Eclairage-professionnel-a-la-gare-de-Lausanne.png\",\"datePublished\":\"2026-02-20T10:02:20+00:00\",\"dateModified\":\"2026-04-27T13:55:52+00:00\",\"description\":\"Entdecken Sie unser professionelles Beleuchtungsprojekt am Bahnhof Lausanne: leistungsstarke und \u00e4sthetische Astris-Leuchten f\u00fcr das Restaurant \u201eChez CFF\u201c.\",\"breadcrumb\":{\"@id\":\"https:\\\/\\\/www.sos-light.ch\\\/de\\\/professionelle-beleuchtung-am-bahnhof-lausanne-modernisierung-der-beleuchtung-im-restaurant-chez-cff\\\/#breadcrumb\"},\"inLanguage\":\"de\",\"potentialAction\":[{\"@type\":\"ReadAction\",\"target\":[\"https:\\\/\\\/www.sos-light.ch\\\/de\\\/professionelle-beleuchtung-am-bahnhof-lausanne-modernisierung-der-beleuchtung-im-restaurant-chez-cff\\\/\"]}]},{\"@type\":\"ImageObject\",\"inLanguage\":\"de\",\"@id\":\"https:\\\/\\\/www.sos-light.ch\\\/de\\\/professionelle-beleuchtung-am-bahnhof-lausanne-modernisierung-der-beleuchtung-im-restaurant-chez-cff\\\/#primaryimage\",\"url\":\"https:\\\/\\\/www.sos-light.ch\\\/wp-content\\\/uploads\\\/2026\\\/02\\\/Eclairage-professionnel-a-la-gare-de-Lausanne.png\",\"contentUrl\":\"https:\\\/\\\/www.sos-light.ch\\\/wp-content\\\/uploads\\\/2026\\\/02\\\/Eclairage-professionnel-a-la-gare-de-Lausanne.png\",\"width\":1400,\"height\":933,\"caption\":\"Professionelle Beleuchtung am Bahnhof Lausanne\"},{\"@type\":\"BreadcrumbList\",\"@id\":\"https:\\\/\\\/www.sos-light.ch\\\/de\\\/professionelle-beleuchtung-am-bahnhof-lausanne-modernisierung-der-beleuchtung-im-restaurant-chez-cff\\\/#breadcrumb\",\"itemListElement\":[{\"@type\":\"ListItem\",\"position\":1,\"name\":\"Accueil\",\"item\":\"https:\\\/\\\/www.sos-light.ch\\\/de\\\/\"},{\"@type\":\"ListItem\",\"position\":2,\"name\":\"Professionelle Beleuchtung am Bahnhof Lausanne: Modernisierung der Beleuchtung im Restaurant \u201eChez CFF\u201c\"}]},{\"@type\":\"WebSite\",\"@id\":\"https:\\\/\\\/www.sos-light.ch\\\/de\\\/#website\",\"url\":\"https:\\\/\\\/www.sos-light.ch\\\/de\\\/\",\"name\":\"SOS-Light\",\"description\":\"Solutions d\u2019\u00e9clairages standard et de secours\",\"publisher\":{\"@id\":\"https:\\\/\\\/www.sos-light.ch\\\/de\\\/#organization\"},\"potentialAction\":[{\"@type\":\"SearchAction\",\"target\":{\"@type\":\"EntryPoint\",\"urlTemplate\":\"https:\\\/\\\/www.sos-light.ch\\\/de\\\/?s={search_term_string}\"},\"query-input\":{\"@type\":\"PropertyValueSpecification\",\"valueRequired\":true,\"valueName\":\"search_term_string\"}}],\"inLanguage\":\"de\"},{\"@type\":\"Organization\",\"@id\":\"https:\\\/\\\/www.sos-light.ch\\\/de\\\/#organization\",\"name\":\"SOS-Light\",\"url\":\"https:\\\/\\\/www.sos-light.ch\\\/de\\\/\",\"logo\":{\"@type\":\"ImageObject\",\"inLanguage\":\"de\",\"@id\":\"https:\\\/\\\/www.sos-light.ch\\\/de\\\/#\\\/schema\\\/logo\\\/image\\\/\",\"url\":\"https:\\\/\\\/www.sos-light.ch\\\/wp-content\\\/uploads\\\/2023\\\/04\\\/cropped-logo-woocommerce.png\",\"contentUrl\":\"https:\\\/\\\/www.sos-light.ch\\\/wp-content\\\/uploads\\\/2023\\\/04\\\/cropped-logo-woocommerce.png\",\"width\":150,\"height\":98,\"caption\":\"SOS-Light\"},\"image\":{\"@id\":\"https:\\\/\\\/www.sos-light.ch\\\/de\\\/#\\\/schema\\\/logo\\\/image\\\/\"}},{\"@type\":\"Person\",\"@id\":\"https:\\\/\\\/www.sos-light.ch\\\/de\\\/#\\\/schema\\\/person\\\/615c158d62daf7f1724cad9d47abc654\",\"name\":\"Menaka Kanagaratnam\",\"image\":{\"@type\":\"ImageObject\",\"inLanguage\":\"de\",\"@id\":\"https:\\\/\\\/secure.gravatar.com\\\/avatar\\\/c35294d6cffb04c64f222c780f7b54f635beddc6cc1c48f1d18d33d653dbec80?s=96&d=mm&r=g\",\"url\":\"https:\\\/\\\/secure.gravatar.com\\\/avatar\\\/c35294d6cffb04c64f222c780f7b54f635beddc6cc1c48f1d18d33d653dbec80?s=96&d=mm&r=g\",\"contentUrl\":\"https:\\\/\\\/secure.gravatar.com\\\/avatar\\\/c35294d6cffb04c64f222c780f7b54f635beddc6cc1c48f1d18d33d653dbec80?s=96&d=mm&r=g\",\"caption\":\"Menaka Kanagaratnam\"},\"url\":\"https:\\\/\\\/www.sos-light.ch\\\/de\\\/author\\\/menaka\\\/\"}]}<\/script>\n<!-- \/ Yoast SEO plugin. -->","yoast_head_json":{"title":"Professionelle Beleuchtung am Bahnhof Lausanne - SOS-Light","description":"Entdecken Sie unser professionelles Beleuchtungsprojekt am Bahnhof Lausanne: leistungsstarke und \u00e4sthetische Astris-Leuchten f\u00fcr das Restaurant \u201eChez CFF\u201c.","robots":{"index":"index","follow":"follow","max-snippet":"max-snippet:-1","max-image-preview":"max-image-preview:large","max-video-preview":"max-video-preview:-1"},"canonical":"https:\/\/www.sos-light.ch\/de\/professionelle-beleuchtung-am-bahnhof-lausanne-modernisierung-der-beleuchtung-im-restaurant-chez-cff\/","og_locale":"de_DE","og_type":"article","og_title":"Professionelle Beleuchtung am Bahnhof Lausanne - SOS-Light","og_description":"Entdecken Sie unser professionelles Beleuchtungsprojekt am Bahnhof Lausanne: leistungsstarke und \u00e4sthetische Astris-Leuchten f\u00fcr das Restaurant \u201eChez CFF\u201c.","og_url":"https:\/\/www.sos-light.ch\/de\/professionelle-beleuchtung-am-bahnhof-lausanne-modernisierung-der-beleuchtung-im-restaurant-chez-cff\/","og_site_name":"SOS-Light","article_published_time":"2026-02-20T10:02:20+00:00","article_modified_time":"2026-04-27T13:55:52+00:00","og_image":[{"width":1400,"height":933,"url":"https:\/\/www.sos-light.ch\/wp-content\/uploads\/2026\/02\/Eclairage-professionnel-a-la-gare-de-Lausanne.png","type":"image\/png"}],"author":"Menaka Kanagaratnam","twitter_card":"summary_large_image","twitter_misc":{"Verfasst von":"Menaka Kanagaratnam","Gesch\u00e4tzte Lesezeit":"2\u00a0Minuten"},"schema":{"@context":"https:\/\/schema.org","@graph":[{"@type":"Article","@id":"https:\/\/www.sos-light.ch\/de\/professionelle-beleuchtung-am-bahnhof-lausanne-modernisierung-der-beleuchtung-im-restaurant-chez-cff\/#article","isPartOf":{"@id":"https:\/\/www.sos-light.ch\/de\/professionelle-beleuchtung-am-bahnhof-lausanne-modernisierung-der-beleuchtung-im-restaurant-chez-cff\/"},"author":{"name":"Menaka Kanagaratnam","@id":"https:\/\/www.sos-light.ch\/de\/#\/schema\/person\/615c158d62daf7f1724cad9d47abc654"},"headline":"Professionelle Beleuchtung am Bahnhof Lausanne: Modernisierung der Beleuchtung im Restaurant \u201eChez CFF\u201c","datePublished":"2026-02-20T10:02:20+00:00","dateModified":"2026-04-27T13:55:52+00:00","mainEntityOfPage":{"@id":"https:\/\/www.sos-light.ch\/de\/professionelle-beleuchtung-am-bahnhof-lausanne-modernisierung-der-beleuchtung-im-restaurant-chez-cff\/"},"wordCount":313,"publisher":{"@id":"https:\/\/www.sos-light.ch\/de\/#organization"},"image":{"@id":"https:\/\/www.sos-light.ch\/de\/professionelle-beleuchtung-am-bahnhof-lausanne-modernisierung-der-beleuchtung-im-restaurant-chez-cff\/#primaryimage"},"thumbnailUrl":"https:\/\/www.sos-light.ch\/wp-content\/uploads\/2026\/02\/Eclairage-professionnel-a-la-gare-de-Lausanne.png","articleSection":["Projekt"],"inLanguage":"de"},{"@type":"WebPage","@id":"https:\/\/www.sos-light.ch\/de\/professionelle-beleuchtung-am-bahnhof-lausanne-modernisierung-der-beleuchtung-im-restaurant-chez-cff\/","url":"https:\/\/www.sos-light.ch\/de\/professionelle-beleuchtung-am-bahnhof-lausanne-modernisierung-der-beleuchtung-im-restaurant-chez-cff\/","name":"Professionelle Beleuchtung am Bahnhof Lausanne - SOS-Light","isPartOf":{"@id":"https:\/\/www.sos-light.ch\/de\/#website"},"primaryImageOfPage":{"@id":"https:\/\/www.sos-light.ch\/de\/professionelle-beleuchtung-am-bahnhof-lausanne-modernisierung-der-beleuchtung-im-restaurant-chez-cff\/#primaryimage"},"image":{"@id":"https:\/\/www.sos-light.ch\/de\/professionelle-beleuchtung-am-bahnhof-lausanne-modernisierung-der-beleuchtung-im-restaurant-chez-cff\/#primaryimage"},"thumbnailUrl":"https:\/\/www.sos-light.ch\/wp-content\/uploads\/2026\/02\/Eclairage-professionnel-a-la-gare-de-Lausanne.png","datePublished":"2026-02-20T10:02:20+00:00","dateModified":"2026-04-27T13:55:52+00:00","description":"Entdecken Sie unser professionelles Beleuchtungsprojekt am Bahnhof Lausanne: leistungsstarke und \u00e4sthetische Astris-Leuchten f\u00fcr das Restaurant \u201eChez CFF\u201c.","breadcrumb":{"@id":"https:\/\/www.sos-light.ch\/de\/professionelle-beleuchtung-am-bahnhof-lausanne-modernisierung-der-beleuchtung-im-restaurant-chez-cff\/#breadcrumb"},"inLanguage":"de","potentialAction":[{"@type":"ReadAction","target":["https:\/\/www.sos-light.ch\/de\/professionelle-beleuchtung-am-bahnhof-lausanne-modernisierung-der-beleuchtung-im-restaurant-chez-cff\/"]}]},{"@type":"ImageObject","inLanguage":"de","@id":"https:\/\/www.sos-light.ch\/de\/professionelle-beleuchtung-am-bahnhof-lausanne-modernisierung-der-beleuchtung-im-restaurant-chez-cff\/#primaryimage","url":"https:\/\/www.sos-light.ch\/wp-content\/uploads\/2026\/02\/Eclairage-professionnel-a-la-gare-de-Lausanne.png","contentUrl":"https:\/\/www.sos-light.ch\/wp-content\/uploads\/2026\/02\/Eclairage-professionnel-a-la-gare-de-Lausanne.png","width":1400,"height":933,"caption":"Professionelle Beleuchtung am Bahnhof Lausanne"},{"@type":"BreadcrumbList","@id":"https:\/\/www.sos-light.ch\/de\/professionelle-beleuchtung-am-bahnhof-lausanne-modernisierung-der-beleuchtung-im-restaurant-chez-cff\/#breadcrumb","itemListElement":[{"@type":"ListItem","position":1,"name":"Accueil","item":"https:\/\/www.sos-light.ch\/de\/"},{"@type":"ListItem","position":2,"name":"Professionelle Beleuchtung am Bahnhof Lausanne: Modernisierung der Beleuchtung im Restaurant \u201eChez CFF\u201c"}]},{"@type":"WebSite","@id":"https:\/\/www.sos-light.ch\/de\/#website","url":"https:\/\/www.sos-light.ch\/de\/","name":"SOS-Light","description":"Solutions d\u2019\u00e9clairages standard et de secours","publisher":{"@id":"https:\/\/www.sos-light.ch\/de\/#organization"},"potentialAction":[{"@type":"SearchAction","target":{"@type":"EntryPoint","urlTemplate":"https:\/\/www.sos-light.ch\/de\/?s={search_term_string}"},"query-input":{"@type":"PropertyValueSpecification","valueRequired":true,"valueName":"search_term_string"}}],"inLanguage":"de"},{"@type":"Organization","@id":"https:\/\/www.sos-light.ch\/de\/#organization","name":"SOS-Light","url":"https:\/\/www.sos-light.ch\/de\/","logo":{"@type":"ImageObject","inLanguage":"de","@id":"https:\/\/www.sos-light.ch\/de\/#\/schema\/logo\/image\/","url":"https:\/\/www.sos-light.ch\/wp-content\/uploads\/2023\/04\/cropped-logo-woocommerce.png","contentUrl":"https:\/\/www.sos-light.ch\/wp-content\/uploads\/2023\/04\/cropped-logo-woocommerce.png","width":150,"height":98,"caption":"SOS-Light"},"image":{"@id":"https:\/\/www.sos-light.ch\/de\/#\/schema\/logo\/image\/"}},{"@type":"Person","@id":"https:\/\/www.sos-light.ch\/de\/#\/schema\/person\/615c158d62daf7f1724cad9d47abc654","name":"Menaka Kanagaratnam","image":{"@type":"ImageObject","inLanguage":"de","@id":"https:\/\/secure.gravatar.com\/avatar\/c35294d6cffb04c64f222c780f7b54f635beddc6cc1c48f1d18d33d653dbec80?s=96&d=mm&r=g","url":"https:\/\/secure.gravatar.com\/avatar\/c35294d6cffb04c64f222c780f7b54f635beddc6cc1c48f1d18d33d653dbec80?s=96&d=mm&r=g","contentUrl":"https:\/\/secure.gravatar.com\/avatar\/c35294d6cffb04c64f222c780f7b54f635beddc6cc1c48f1d18d33d653dbec80?s=96&d=mm&r=g","caption":"Menaka Kanagaratnam"},"url":"https:\/\/www.sos-light.ch\/de\/author\/menaka\/"}]}},"_links":{"self":[{"href":"https:\/\/www.sos-light.ch\/de\/wp-json\/wp\/v2\/posts\/63030","targetHints":{"allow":["GET"]}}],"collection":[{"href":"https:\/\/www.sos-light.ch\/de\/wp-json\/wp\/v2\/posts"}],"about":[{"href":"https:\/\/www.sos-light.ch\/de\/wp-json\/wp\/v2\/types\/post"}],"author":[{"embeddable":true,"href":"https:\/\/www.sos-light.ch\/de\/wp-json\/wp\/v2\/users\/3"}],"replies":[{"embeddable":true,"href":"https:\/\/www.sos-light.ch\/de\/wp-json\/wp\/v2\/comments?post=63030"}],"version-history":[{"count":3,"href":"https:\/\/www.sos-light.ch\/de\/wp-json\/wp\/v2\/posts\/63030\/revisions"}],"predecessor-version":[{"id":63038,"href":"https:\/\/www.sos-light.ch\/de\/wp-json\/wp\/v2\/posts\/63030\/revisions\/63038"}],"wp:featuredmedia":[{"embeddable":true,"href":"https:\/\/www.sos-light.ch\/de\/wp-json\/wp\/v2\/media\/63031"}],"wp:attachment":[{"href":"https:\/\/www.sos-light.ch\/de\/wp-json\/wp\/v2\/media?parent=63030"}],"wp:term":[{"taxonomy":"category","embeddable":true,"href":"https:\/\/www.sos-light.ch\/de\/wp-json\/wp\/v2\/categories?post=63030"},{"taxonomy":"post_tag","embeddable":true,"href":"https:\/\/www.sos-light.ch\/de\/wp-json\/wp\/v2\/tags?post=63030"}],"curies":[{"name":"wp","href":"https:\/\/api.w.org\/{rel}","templated":true}]}}