{"id":62885,"date":"2026-03-20T15:00:00","date_gmt":"2026-03-20T14:00:00","guid":{"rendered":"https:\/\/www.sos-light.ch\/led-nachruestung-in-villeneuve-vd-intelligente-modernisierung-einer-werkstatt-mit-sos-light\/"},"modified":"2026-04-23T09:32:11","modified_gmt":"2026-04-23T07:32:11","slug":"led-nachruestung-in-villeneuve-vd-intelligente-modernisierung-einer-werkstatt-mit-sos-light","status":"publish","type":"post","link":"https:\/\/www.sos-light.ch\/de\/led-nachruestung-in-villeneuve-vd-intelligente-modernisierung-einer-werkstatt-mit-sos-light\/","title":{"rendered":"LED-Nachr\u00fcstung in Villeneuve VD: Intelligente Modernisierung einer Werkstatt mit SOS-Light"},"content":{"rendered":"\t\t<div data-elementor-type=\"wp-post\" data-elementor-id=\"62885\" class=\"elementor elementor-62885 elementor-51472\" data-elementor-post-type=\"post\">\n\t\t\t\t\t\t<section class=\"elementor-section elementor-top-section elementor-element elementor-element-4382e375 elementor-section-boxed elementor-section-height-default elementor-section-height-default\" data-id=\"4382e375\" data-element_type=\"section\" data-e-type=\"section\">\n\t\t\t\t\t\t<div class=\"elementor-container elementor-column-gap-default\">\n\t\t\t\t\t<div class=\"elementor-column elementor-col-100 elementor-top-column elementor-element elementor-element-449fd6ba\" data-id=\"449fd6ba\" data-element_type=\"column\" data-e-type=\"column\">\n\t\t\t<div class=\"elementor-widget-wrap elementor-element-populated\">\n\t\t\t\t\t\t<div class=\"elementor-element elementor-element-4c82e2d elementor-arrows-position-inside elementor-pagination-position-outside elementor-widget elementor-widget-image-carousel\" data-id=\"4c82e2d\" data-element_type=\"widget\" data-e-type=\"widget\" data-settings=\"{&quot;slides_to_show&quot;:&quot;1&quot;,&quot;navigation&quot;:&quot;both&quot;,&quot;autoplay&quot;:&quot;yes&quot;,&quot;pause_on_hover&quot;:&quot;yes&quot;,&quot;pause_on_interaction&quot;:&quot;yes&quot;,&quot;autoplay_speed&quot;:5000,&quot;infinite&quot;:&quot;yes&quot;,&quot;effect&quot;:&quot;slide&quot;,&quot;speed&quot;:500}\" data-widget_type=\"image-carousel.default\">\n\t\t\t\t<div class=\"elementor-widget-container\">\n\t\t\t\t\t\t\t<div class=\"elementor-image-carousel-wrapper swiper\" role=\"region\" aria-roledescription=\"carousel\" aria-label=\"Carrousel d\u2019images\" dir=\"ltr\">\n\t\t\t<div class=\"elementor-image-carousel swiper-wrapper\" aria-live=\"off\">\n\t\t\t\t\t\t\t\t<div class=\"swiper-slide\" role=\"group\" aria-roledescription=\"slide\" aria-label=\"1 von 3\"><figure class=\"swiper-slide-inner\"><img decoding=\"async\" class=\"swiper-slide-image\" src=\"https:\/\/www.sos-light.ch\/wp-content\/uploads\/2026\/04\/Retrofit-eclairage-LED-a-Villeneuve-VD.png\" alt=\"Umr\u00fcstung auf LED-Beleuchtung in Villeneuve VD\" \/><\/figure><\/div><div class=\"swiper-slide\" role=\"group\" aria-roledescription=\"slide\" aria-label=\"2 von 3\"><figure class=\"swiper-slide-inner\"><img decoding=\"async\" class=\"swiper-slide-image\" src=\"https:\/\/www.sos-light.ch\/wp-content\/uploads\/2026\/04\/Retrofit-eclairage-LED-a-Villeneuve-VD-2.png\" alt=\"Umr\u00fcstung auf LED-Beleuchtung in Villeneuve VD 2\" \/><\/figure><\/div><div class=\"swiper-slide\" role=\"group\" aria-roledescription=\"slide\" aria-label=\"3 von 3\"><figure class=\"swiper-slide-inner\"><img decoding=\"async\" class=\"swiper-slide-image\" src=\"https:\/\/www.sos-light.ch\/wp-content\/uploads\/2026\/04\/Retrofit-eclairage-LED-a-Villeneuve-VD-3.png\" alt=\"Umr\u00fcstung auf LED-Beleuchtung in Villeneuve VD 3\" \/><\/figure><\/div>\t\t\t<\/div>\n\t\t\t\t\t\t\t\t\t\t\t\t<div class=\"elementor-swiper-button elementor-swiper-button-prev\" role=\"button\" tabindex=\"0\">\n\t\t\t\t\t\t<i aria-hidden=\"true\" class=\"eicon-chevron-left\"><\/i>\t\t\t\t\t<\/div>\n\t\t\t\t\t<div class=\"elementor-swiper-button elementor-swiper-button-next\" role=\"button\" tabindex=\"0\">\n\t\t\t\t\t\t<i aria-hidden=\"true\" class=\"eicon-chevron-right\"><\/i>\t\t\t\t\t<\/div>\n\t\t\t\t\n\t\t\t\t\t\t\t\t\t<div class=\"swiper-pagination\"><\/div>\n\t\t\t\t\t\t\t\t\t<\/div>\n\t\t\t\t\t\t<\/div>\n\t\t\t\t<\/div>\n\t\t\t\t<div class=\"elementor-element elementor-element-78de993e elementor-widget elementor-widget-text-editor\" data-id=\"78de993e\" data-element_type=\"widget\" data-e-type=\"widget\" data-widget_type=\"text-editor.default\">\n\t\t\t\t<div class=\"elementor-widget-container\">\n\t\t\t\t\t\t\t\t\t<p><\/p>\n<p><strong>Die Umr\u00fcstung auf LED-Beleuchtung in Villeneuve VD<\/strong> ist eine ideale L\u00f6sung, um bestehende Anlagen ohne aufwendige Bauarbeiten zu modernisieren. Im Rahmen eines gemeinsam mit Swisspro SR SA durchgef\u00fchrten Projekts hat SOS-Light die Umgestaltung der Beleuchtung einer Werkstatt begleitet und dabei einen Ansatz vorgeschlagen, der sowohl wirtschaftlich als auch nachhaltig und leistungsstark ist. Das Ziel war klar: die Lichtqualit\u00e4t zu verbessern und gleichzeitig die bestehende Infrastruktur beizubehalten.  <\/p>\n<p><\/p>\n<div class=\"wp-block-spacer\" style=\"height: 20px;\" aria-hidden=\"true\">&nbsp;<\/div>\n<p><\/p>\n<h2 class=\"wp-block-heading\">Ein Nachr\u00fcstungskonzept zur Optimierung des Bestehenden<\/h2>\n<p><\/p>\n<p>In dieser Werkstatt in Villeneuve (VD) haben wir uns daf\u00fcr entschieden, die bereits vorhandenen Schienen beizubehalten. Diese Strategie der <strong>LED-Nachr\u00fcstung in Villeneuve (VD)<\/strong> erm\u00f6glicht es, die Kosten zu begrenzen, den Abfall zu reduzieren und die Umsetzung zu beschleunigen. <\/p>\n<p><\/p>\n<div class=\"wp-block-spacer\" style=\"height: 20px;\" aria-hidden=\"true\">&nbsp;<\/div>\n<p><\/p>\n<h3 class=\"wp-block-heading\">Ma\u00dfgeschneiderte Leuchten, die auf die Infrastruktur abgestimmt sind<\/h3>\n<p><\/p>\n<p>Um eine nahtlose Integration zu gew\u00e4hrleisten, haben wir Schienenleuchten entwickelt, die vollst\u00e4ndig mit der bestehenden Anlage kompatibel sind. Diese L\u00f6sung bietet mehrere Vorteile: <\/p>\n<p><\/p>\n<ul class=\"wp-block-list\"><p><\/p>\n<li>Erhaltung der bestehenden Schienen<\/li>\n<p><\/p>\n<li>Senkung der Installationskosten<\/li>\n<p><\/p>\n<li>Verringerung der Umweltbelastung<\/li>\n<p><\/p>\n<li>Schnelle Modernisierung der Arbeitsr\u00e4ume<\/li>\n<p><\/p>\n<li>Sofortige Verbesserung der Lichtqualit\u00e4t<\/li>\n<p><\/p><\/ul>\n<p><\/p>\n<p>Dank dieses Ansatzes verf\u00fcgt die Werkstatt \u00fcber eine leistungsstarke Beleuchtung, die sowohl den technischen Anforderungen als auch den allt\u00e4glichen Bed\u00fcrfnissen gerecht wird.<\/p>\n<p><\/p>\n<div class=\"wp-block-spacer\" style=\"height: 20px;\" aria-hidden=\"true\">&nbsp;<\/div>\n<p><\/p>\n<h2 class=\"wp-block-heading\">Leistung, Langlebigkeit und Energieeffizienz<\/h2>\n<p><\/p>\n<p><strong>Die Umr\u00fcstung auf LED-Beleuchtung in Villeneuve VD <\/strong>erm\u00f6glicht es, den Energieverbrauch zu optimieren und gleichzeitig den Sehkomfort sowie die Sicherheit der Nutzer zu verbessern. Diese L\u00f6sung ist Teil einer nachhaltigen Modernisierungsstrategie, bei der jede Komponente darauf ausgelegt ist, die langfristige Leistungsf\u00e4higkeit zu maximieren. <\/p>\n<p><\/p>\n<p>Bei SOS-Light sind wir auf die Entwicklung ma\u00dfgeschneiderter Nachr\u00fcstl\u00f6sungen spezialisiert, die auf jede berufliche Umgebung zugeschnitten sind. Unser Fachwissen garantiert zuverl\u00e4ssige, normkonforme und ausbauf\u00e4hige Anlagen. <\/p>\n<p><\/p>\n<p>Entdecken Sie weitere \u00e4hnliche <a href=\"https:\/\/www.sos-light.ch\/de\/unsere-projekte-im-bereich-der-professionellen-beleuchtung\/\">Projekte<\/a>.<\/p>\n<p><\/p>\n<p>Dieses <strong>Projekt zur Umr\u00fcstung auf LED-Beleuchtung in Villeneuve (VD)<\/strong> zeigt, dass es m\u00f6glich ist, einen Arbeitsbereich auf intelligente, wirtschaftliche und nachhaltige Weise zu modernisieren.<\/p>\n<p><\/p>\n<p><strong>Kontaktieren Sie uns noch heute <\/strong>f\u00fcr eine individuelle Analyse und erfahren Sie, wie Sie Ihre Beleuchtungsanlage optimieren k\u00f6nnen, ohne sie komplett austauschen zu m\u00fcssen.<\/p>\n<p><\/p>\n<div class=\"wp-block-spacer\" style=\"height: 20px;\" aria-hidden=\"true\">&nbsp;<\/div>\n<p><\/p>\n<p><\/p>\t\t\t\t\t\t\t\t<\/div>\n\t\t\t\t<\/div>\n\t\t\t\t<div class=\"elementor-element elementor-element-8cc06c9 elementor-align-center elementor-widget elementor-widget-button\" data-id=\"8cc06c9\" data-element_type=\"widget\" data-e-type=\"widget\" data-widget_type=\"button.default\">\n\t\t\t\t<div class=\"elementor-widget-container\">\n\t\t\t\t\t\t\t\t\t<div class=\"elementor-button-wrapper\">\n\t\t\t\t\t<a class=\"elementor-button elementor-button-link elementor-size-sm\" href=\"https:\/\/www.sos-light.ch\/de\/kontakt\/\">\n\t\t\t\t\t\t<span class=\"elementor-button-content-wrapper\">\n\t\t\t\t\t\t\t\t\t<span class=\"elementor-button-text\">Kontaktieren Sie uns<\/span>\n\t\t\t\t\t<\/span>\n\t\t\t\t\t<\/a>\n\t\t\t\t<\/div>\n\t\t\t\t\t\t\t\t<\/div>\n\t\t\t\t<\/div>\n\t\t\t\t\t<\/div>\n\t\t<\/div>\n\t\t\t\t\t<\/div>\n\t\t<\/section>\n\t\t\t\t<\/div>\n\t\t","protected":false},"excerpt":{"rendered":"<p>Die Umr\u00fcstung auf LED-Beleuchtung in Villeneuve VD ist eine ideale L\u00f6sung, um bestehende Anlagen ohne aufwendige Bauarbeiten zu modernisieren. Im Rahmen eines gemeinsam mit Swisspro SR SA durchgef\u00fchrten Projekts hat SOS-Light die Umgestaltung der Beleuchtung einer Werkstatt begleitet und dabei einen Ansatz vorgeschlagen, der sowohl wirtschaftlich als auch nachhaltig und leistungsstark ist. Das Ziel war [&hellip;]<\/p>\n","protected":false},"author":3,"featured_media":62887,"comment_status":"closed","ping_status":"open","sticky":false,"template":"","format":"standard","meta":{"_acf_changed":false,"_eb_attr":"","footnotes":""},"categories":[1990,5849],"tags":[],"class_list":["post-62885","post","type-post","status-publish","format-standard","has-post-thumbnail","hentry","category-artikel","category-projekt"],"acf":[],"yoast_head":"<!-- This site is optimized with the Yoast SEO plugin v27.4 - https:\/\/yoast.com\/product\/yoast-seo-wordpress\/ -->\n<title>LED-Nachr\u00fcstung in Villeneuve VD - SOS-Light<\/title>\n<meta name=\"description\" content=\"Entdecken Sie unser LED-Beleuchtungs-Retrofit in Villeneuve VD: Modernisieren Sie Ihre Werkstatt und senken Sie gleichzeitig Kosten und Energieverbrauch.\" \/>\n<meta name=\"robots\" content=\"index, follow, max-snippet:-1, max-image-preview:large, max-video-preview:-1\" \/>\n<link rel=\"canonical\" href=\"https:\/\/www.sos-light.ch\/de\/led-nachruestung-in-villeneuve-vd-intelligente-modernisierung-einer-werkstatt-mit-sos-light\/\" \/>\n<meta property=\"og:locale\" content=\"de_DE\" \/>\n<meta property=\"og:type\" content=\"article\" \/>\n<meta property=\"og:title\" content=\"LED-Nachr\u00fcstung in Villeneuve VD - SOS-Light\" \/>\n<meta property=\"og:description\" content=\"Entdecken Sie unser LED-Beleuchtungs-Retrofit in Villeneuve VD: Modernisieren Sie Ihre Werkstatt und senken Sie gleichzeitig Kosten und Energieverbrauch.\" \/>\n<meta property=\"og:url\" content=\"https:\/\/www.sos-light.ch\/de\/led-nachruestung-in-villeneuve-vd-intelligente-modernisierung-einer-werkstatt-mit-sos-light\/\" \/>\n<meta property=\"og:site_name\" content=\"SOS-Light\" \/>\n<meta property=\"article:published_time\" content=\"2026-03-20T14:00:00+00:00\" \/>\n<meta property=\"article:modified_time\" content=\"2026-04-23T07:32:11+00:00\" \/>\n<meta property=\"og:image\" content=\"https:\/\/www.sos-light.ch\/wp-content\/uploads\/2026\/04\/Retrofit-eclairage-LED-a-Villeneuve-VD.png\" \/>\n\t<meta property=\"og:image:width\" content=\"1400\" \/>\n\t<meta property=\"og:image:height\" content=\"933\" \/>\n\t<meta property=\"og:image:type\" content=\"image\/png\" \/>\n<meta name=\"author\" content=\"Menaka Kanagaratnam\" \/>\n<meta name=\"twitter:card\" content=\"summary_large_image\" \/>\n<meta name=\"twitter:label1\" content=\"Verfasst von\" \/>\n\t<meta name=\"twitter:data1\" content=\"Menaka Kanagaratnam\" \/>\n\t<meta name=\"twitter:label2\" content=\"Gesch\u00e4tzte Lesezeit\" \/>\n\t<meta name=\"twitter:data2\" content=\"2\u00a0Minuten\" \/>\n<script type=\"application\/ld+json\" class=\"yoast-schema-graph\">{\"@context\":\"https:\\\/\\\/schema.org\",\"@graph\":[{\"@type\":\"Article\",\"@id\":\"https:\\\/\\\/www.sos-light.ch\\\/de\\\/led-nachruestung-in-villeneuve-vd-intelligente-modernisierung-einer-werkstatt-mit-sos-light\\\/#article\",\"isPartOf\":{\"@id\":\"https:\\\/\\\/www.sos-light.ch\\\/de\\\/led-nachruestung-in-villeneuve-vd-intelligente-modernisierung-einer-werkstatt-mit-sos-light\\\/\"},\"author\":{\"name\":\"Menaka Kanagaratnam\",\"@id\":\"https:\\\/\\\/www.sos-light.ch\\\/de\\\/#\\\/schema\\\/person\\\/615c158d62daf7f1724cad9d47abc654\"},\"headline\":\"LED-Nachr\u00fcstung in Villeneuve VD: Intelligente Modernisierung einer Werkstatt mit SOS-Light\",\"datePublished\":\"2026-03-20T14:00:00+00:00\",\"dateModified\":\"2026-04-23T07:32:11+00:00\",\"mainEntityOfPage\":{\"@id\":\"https:\\\/\\\/www.sos-light.ch\\\/de\\\/led-nachruestung-in-villeneuve-vd-intelligente-modernisierung-einer-werkstatt-mit-sos-light\\\/\"},\"wordCount\":355,\"publisher\":{\"@id\":\"https:\\\/\\\/www.sos-light.ch\\\/de\\\/#organization\"},\"image\":{\"@id\":\"https:\\\/\\\/www.sos-light.ch\\\/de\\\/led-nachruestung-in-villeneuve-vd-intelligente-modernisierung-einer-werkstatt-mit-sos-light\\\/#primaryimage\"},\"thumbnailUrl\":\"https:\\\/\\\/www.sos-light.ch\\\/wp-content\\\/uploads\\\/2026\\\/04\\\/Retrofit-eclairage-LED-a-Villeneuve-VD.png\",\"articleSection\":[\"Artikel\",\"Projekt\"],\"inLanguage\":\"de\"},{\"@type\":\"WebPage\",\"@id\":\"https:\\\/\\\/www.sos-light.ch\\\/de\\\/led-nachruestung-in-villeneuve-vd-intelligente-modernisierung-einer-werkstatt-mit-sos-light\\\/\",\"url\":\"https:\\\/\\\/www.sos-light.ch\\\/de\\\/led-nachruestung-in-villeneuve-vd-intelligente-modernisierung-einer-werkstatt-mit-sos-light\\\/\",\"name\":\"LED-Nachr\u00fcstung in Villeneuve VD - SOS-Light\",\"isPartOf\":{\"@id\":\"https:\\\/\\\/www.sos-light.ch\\\/de\\\/#website\"},\"primaryImageOfPage\":{\"@id\":\"https:\\\/\\\/www.sos-light.ch\\\/de\\\/led-nachruestung-in-villeneuve-vd-intelligente-modernisierung-einer-werkstatt-mit-sos-light\\\/#primaryimage\"},\"image\":{\"@id\":\"https:\\\/\\\/www.sos-light.ch\\\/de\\\/led-nachruestung-in-villeneuve-vd-intelligente-modernisierung-einer-werkstatt-mit-sos-light\\\/#primaryimage\"},\"thumbnailUrl\":\"https:\\\/\\\/www.sos-light.ch\\\/wp-content\\\/uploads\\\/2026\\\/04\\\/Retrofit-eclairage-LED-a-Villeneuve-VD.png\",\"datePublished\":\"2026-03-20T14:00:00+00:00\",\"dateModified\":\"2026-04-23T07:32:11+00:00\",\"description\":\"Entdecken Sie unser LED-Beleuchtungs-Retrofit in Villeneuve VD: Modernisieren Sie Ihre Werkstatt und senken Sie gleichzeitig Kosten und Energieverbrauch.\",\"breadcrumb\":{\"@id\":\"https:\\\/\\\/www.sos-light.ch\\\/de\\\/led-nachruestung-in-villeneuve-vd-intelligente-modernisierung-einer-werkstatt-mit-sos-light\\\/#breadcrumb\"},\"inLanguage\":\"de\",\"potentialAction\":[{\"@type\":\"ReadAction\",\"target\":[\"https:\\\/\\\/www.sos-light.ch\\\/de\\\/led-nachruestung-in-villeneuve-vd-intelligente-modernisierung-einer-werkstatt-mit-sos-light\\\/\"]}]},{\"@type\":\"ImageObject\",\"inLanguage\":\"de\",\"@id\":\"https:\\\/\\\/www.sos-light.ch\\\/de\\\/led-nachruestung-in-villeneuve-vd-intelligente-modernisierung-einer-werkstatt-mit-sos-light\\\/#primaryimage\",\"url\":\"https:\\\/\\\/www.sos-light.ch\\\/wp-content\\\/uploads\\\/2026\\\/04\\\/Retrofit-eclairage-LED-a-Villeneuve-VD.png\",\"contentUrl\":\"https:\\\/\\\/www.sos-light.ch\\\/wp-content\\\/uploads\\\/2026\\\/04\\\/Retrofit-eclairage-LED-a-Villeneuve-VD.png\",\"width\":1400,\"height\":933,\"caption\":\"Umr\u00fcstung auf LED-Beleuchtung in Villeneuve VD\"},{\"@type\":\"BreadcrumbList\",\"@id\":\"https:\\\/\\\/www.sos-light.ch\\\/de\\\/led-nachruestung-in-villeneuve-vd-intelligente-modernisierung-einer-werkstatt-mit-sos-light\\\/#breadcrumb\",\"itemListElement\":[{\"@type\":\"ListItem\",\"position\":1,\"name\":\"Accueil\",\"item\":\"https:\\\/\\\/www.sos-light.ch\\\/de\\\/\"},{\"@type\":\"ListItem\",\"position\":2,\"name\":\"LED-Nachr\u00fcstung in Villeneuve VD: Intelligente Modernisierung einer Werkstatt mit SOS-Light\"}]},{\"@type\":\"WebSite\",\"@id\":\"https:\\\/\\\/www.sos-light.ch\\\/de\\\/#website\",\"url\":\"https:\\\/\\\/www.sos-light.ch\\\/de\\\/\",\"name\":\"SOS-Light\",\"description\":\"Solutions d\u2019\u00e9clairages standard et de secours\",\"publisher\":{\"@id\":\"https:\\\/\\\/www.sos-light.ch\\\/de\\\/#organization\"},\"potentialAction\":[{\"@type\":\"SearchAction\",\"target\":{\"@type\":\"EntryPoint\",\"urlTemplate\":\"https:\\\/\\\/www.sos-light.ch\\\/de\\\/?s={search_term_string}\"},\"query-input\":{\"@type\":\"PropertyValueSpecification\",\"valueRequired\":true,\"valueName\":\"search_term_string\"}}],\"inLanguage\":\"de\"},{\"@type\":\"Organization\",\"@id\":\"https:\\\/\\\/www.sos-light.ch\\\/de\\\/#organization\",\"name\":\"SOS-Light\",\"url\":\"https:\\\/\\\/www.sos-light.ch\\\/de\\\/\",\"logo\":{\"@type\":\"ImageObject\",\"inLanguage\":\"de\",\"@id\":\"https:\\\/\\\/www.sos-light.ch\\\/de\\\/#\\\/schema\\\/logo\\\/image\\\/\",\"url\":\"https:\\\/\\\/www.sos-light.ch\\\/wp-content\\\/uploads\\\/2023\\\/04\\\/cropped-logo-woocommerce.png\",\"contentUrl\":\"https:\\\/\\\/www.sos-light.ch\\\/wp-content\\\/uploads\\\/2023\\\/04\\\/cropped-logo-woocommerce.png\",\"width\":150,\"height\":98,\"caption\":\"SOS-Light\"},\"image\":{\"@id\":\"https:\\\/\\\/www.sos-light.ch\\\/de\\\/#\\\/schema\\\/logo\\\/image\\\/\"}},{\"@type\":\"Person\",\"@id\":\"https:\\\/\\\/www.sos-light.ch\\\/de\\\/#\\\/schema\\\/person\\\/615c158d62daf7f1724cad9d47abc654\",\"name\":\"Menaka Kanagaratnam\",\"image\":{\"@type\":\"ImageObject\",\"inLanguage\":\"de\",\"@id\":\"https:\\\/\\\/secure.gravatar.com\\\/avatar\\\/c35294d6cffb04c64f222c780f7b54f635beddc6cc1c48f1d18d33d653dbec80?s=96&d=mm&r=g\",\"url\":\"https:\\\/\\\/secure.gravatar.com\\\/avatar\\\/c35294d6cffb04c64f222c780f7b54f635beddc6cc1c48f1d18d33d653dbec80?s=96&d=mm&r=g\",\"contentUrl\":\"https:\\\/\\\/secure.gravatar.com\\\/avatar\\\/c35294d6cffb04c64f222c780f7b54f635beddc6cc1c48f1d18d33d653dbec80?s=96&d=mm&r=g\",\"caption\":\"Menaka Kanagaratnam\"},\"url\":\"https:\\\/\\\/www.sos-light.ch\\\/de\\\/author\\\/menaka\\\/\"}]}<\/script>\n<!-- \/ Yoast SEO plugin. -->","yoast_head_json":{"title":"LED-Nachr\u00fcstung in Villeneuve VD - SOS-Light","description":"Entdecken Sie unser LED-Beleuchtungs-Retrofit in Villeneuve VD: Modernisieren Sie Ihre Werkstatt und senken Sie gleichzeitig Kosten und Energieverbrauch.","robots":{"index":"index","follow":"follow","max-snippet":"max-snippet:-1","max-image-preview":"max-image-preview:large","max-video-preview":"max-video-preview:-1"},"canonical":"https:\/\/www.sos-light.ch\/de\/led-nachruestung-in-villeneuve-vd-intelligente-modernisierung-einer-werkstatt-mit-sos-light\/","og_locale":"de_DE","og_type":"article","og_title":"LED-Nachr\u00fcstung in Villeneuve VD - SOS-Light","og_description":"Entdecken Sie unser LED-Beleuchtungs-Retrofit in Villeneuve VD: Modernisieren Sie Ihre Werkstatt und senken Sie gleichzeitig Kosten und Energieverbrauch.","og_url":"https:\/\/www.sos-light.ch\/de\/led-nachruestung-in-villeneuve-vd-intelligente-modernisierung-einer-werkstatt-mit-sos-light\/","og_site_name":"SOS-Light","article_published_time":"2026-03-20T14:00:00+00:00","article_modified_time":"2026-04-23T07:32:11+00:00","og_image":[{"width":1400,"height":933,"url":"https:\/\/www.sos-light.ch\/wp-content\/uploads\/2026\/04\/Retrofit-eclairage-LED-a-Villeneuve-VD.png","type":"image\/png"}],"author":"Menaka Kanagaratnam","twitter_card":"summary_large_image","twitter_misc":{"Verfasst von":"Menaka Kanagaratnam","Gesch\u00e4tzte Lesezeit":"2\u00a0Minuten"},"schema":{"@context":"https:\/\/schema.org","@graph":[{"@type":"Article","@id":"https:\/\/www.sos-light.ch\/de\/led-nachruestung-in-villeneuve-vd-intelligente-modernisierung-einer-werkstatt-mit-sos-light\/#article","isPartOf":{"@id":"https:\/\/www.sos-light.ch\/de\/led-nachruestung-in-villeneuve-vd-intelligente-modernisierung-einer-werkstatt-mit-sos-light\/"},"author":{"name":"Menaka Kanagaratnam","@id":"https:\/\/www.sos-light.ch\/de\/#\/schema\/person\/615c158d62daf7f1724cad9d47abc654"},"headline":"LED-Nachr\u00fcstung in Villeneuve VD: Intelligente Modernisierung einer Werkstatt mit SOS-Light","datePublished":"2026-03-20T14:00:00+00:00","dateModified":"2026-04-23T07:32:11+00:00","mainEntityOfPage":{"@id":"https:\/\/www.sos-light.ch\/de\/led-nachruestung-in-villeneuve-vd-intelligente-modernisierung-einer-werkstatt-mit-sos-light\/"},"wordCount":355,"publisher":{"@id":"https:\/\/www.sos-light.ch\/de\/#organization"},"image":{"@id":"https:\/\/www.sos-light.ch\/de\/led-nachruestung-in-villeneuve-vd-intelligente-modernisierung-einer-werkstatt-mit-sos-light\/#primaryimage"},"thumbnailUrl":"https:\/\/www.sos-light.ch\/wp-content\/uploads\/2026\/04\/Retrofit-eclairage-LED-a-Villeneuve-VD.png","articleSection":["Artikel","Projekt"],"inLanguage":"de"},{"@type":"WebPage","@id":"https:\/\/www.sos-light.ch\/de\/led-nachruestung-in-villeneuve-vd-intelligente-modernisierung-einer-werkstatt-mit-sos-light\/","url":"https:\/\/www.sos-light.ch\/de\/led-nachruestung-in-villeneuve-vd-intelligente-modernisierung-einer-werkstatt-mit-sos-light\/","name":"LED-Nachr\u00fcstung in Villeneuve VD - SOS-Light","isPartOf":{"@id":"https:\/\/www.sos-light.ch\/de\/#website"},"primaryImageOfPage":{"@id":"https:\/\/www.sos-light.ch\/de\/led-nachruestung-in-villeneuve-vd-intelligente-modernisierung-einer-werkstatt-mit-sos-light\/#primaryimage"},"image":{"@id":"https:\/\/www.sos-light.ch\/de\/led-nachruestung-in-villeneuve-vd-intelligente-modernisierung-einer-werkstatt-mit-sos-light\/#primaryimage"},"thumbnailUrl":"https:\/\/www.sos-light.ch\/wp-content\/uploads\/2026\/04\/Retrofit-eclairage-LED-a-Villeneuve-VD.png","datePublished":"2026-03-20T14:00:00+00:00","dateModified":"2026-04-23T07:32:11+00:00","description":"Entdecken Sie unser LED-Beleuchtungs-Retrofit in Villeneuve VD: Modernisieren Sie Ihre Werkstatt und senken Sie gleichzeitig Kosten und Energieverbrauch.","breadcrumb":{"@id":"https:\/\/www.sos-light.ch\/de\/led-nachruestung-in-villeneuve-vd-intelligente-modernisierung-einer-werkstatt-mit-sos-light\/#breadcrumb"},"inLanguage":"de","potentialAction":[{"@type":"ReadAction","target":["https:\/\/www.sos-light.ch\/de\/led-nachruestung-in-villeneuve-vd-intelligente-modernisierung-einer-werkstatt-mit-sos-light\/"]}]},{"@type":"ImageObject","inLanguage":"de","@id":"https:\/\/www.sos-light.ch\/de\/led-nachruestung-in-villeneuve-vd-intelligente-modernisierung-einer-werkstatt-mit-sos-light\/#primaryimage","url":"https:\/\/www.sos-light.ch\/wp-content\/uploads\/2026\/04\/Retrofit-eclairage-LED-a-Villeneuve-VD.png","contentUrl":"https:\/\/www.sos-light.ch\/wp-content\/uploads\/2026\/04\/Retrofit-eclairage-LED-a-Villeneuve-VD.png","width":1400,"height":933,"caption":"Umr\u00fcstung auf LED-Beleuchtung in Villeneuve VD"},{"@type":"BreadcrumbList","@id":"https:\/\/www.sos-light.ch\/de\/led-nachruestung-in-villeneuve-vd-intelligente-modernisierung-einer-werkstatt-mit-sos-light\/#breadcrumb","itemListElement":[{"@type":"ListItem","position":1,"name":"Accueil","item":"https:\/\/www.sos-light.ch\/de\/"},{"@type":"ListItem","position":2,"name":"LED-Nachr\u00fcstung in Villeneuve VD: Intelligente Modernisierung einer Werkstatt mit SOS-Light"}]},{"@type":"WebSite","@id":"https:\/\/www.sos-light.ch\/de\/#website","url":"https:\/\/www.sos-light.ch\/de\/","name":"SOS-Light","description":"Solutions d\u2019\u00e9clairages standard et de secours","publisher":{"@id":"https:\/\/www.sos-light.ch\/de\/#organization"},"potentialAction":[{"@type":"SearchAction","target":{"@type":"EntryPoint","urlTemplate":"https:\/\/www.sos-light.ch\/de\/?s={search_term_string}"},"query-input":{"@type":"PropertyValueSpecification","valueRequired":true,"valueName":"search_term_string"}}],"inLanguage":"de"},{"@type":"Organization","@id":"https:\/\/www.sos-light.ch\/de\/#organization","name":"SOS-Light","url":"https:\/\/www.sos-light.ch\/de\/","logo":{"@type":"ImageObject","inLanguage":"de","@id":"https:\/\/www.sos-light.ch\/de\/#\/schema\/logo\/image\/","url":"https:\/\/www.sos-light.ch\/wp-content\/uploads\/2023\/04\/cropped-logo-woocommerce.png","contentUrl":"https:\/\/www.sos-light.ch\/wp-content\/uploads\/2023\/04\/cropped-logo-woocommerce.png","width":150,"height":98,"caption":"SOS-Light"},"image":{"@id":"https:\/\/www.sos-light.ch\/de\/#\/schema\/logo\/image\/"}},{"@type":"Person","@id":"https:\/\/www.sos-light.ch\/de\/#\/schema\/person\/615c158d62daf7f1724cad9d47abc654","name":"Menaka Kanagaratnam","image":{"@type":"ImageObject","inLanguage":"de","@id":"https:\/\/secure.gravatar.com\/avatar\/c35294d6cffb04c64f222c780f7b54f635beddc6cc1c48f1d18d33d653dbec80?s=96&d=mm&r=g","url":"https:\/\/secure.gravatar.com\/avatar\/c35294d6cffb04c64f222c780f7b54f635beddc6cc1c48f1d18d33d653dbec80?s=96&d=mm&r=g","contentUrl":"https:\/\/secure.gravatar.com\/avatar\/c35294d6cffb04c64f222c780f7b54f635beddc6cc1c48f1d18d33d653dbec80?s=96&d=mm&r=g","caption":"Menaka Kanagaratnam"},"url":"https:\/\/www.sos-light.ch\/de\/author\/menaka\/"}]}},"_links":{"self":[{"href":"https:\/\/www.sos-light.ch\/de\/wp-json\/wp\/v2\/posts\/62885","targetHints":{"allow":["GET"]}}],"collection":[{"href":"https:\/\/www.sos-light.ch\/de\/wp-json\/wp\/v2\/posts"}],"about":[{"href":"https:\/\/www.sos-light.ch\/de\/wp-json\/wp\/v2\/types\/post"}],"author":[{"embeddable":true,"href":"https:\/\/www.sos-light.ch\/de\/wp-json\/wp\/v2\/users\/3"}],"replies":[{"embeddable":true,"href":"https:\/\/www.sos-light.ch\/de\/wp-json\/wp\/v2\/comments?post=62885"}],"version-history":[{"count":6,"href":"https:\/\/www.sos-light.ch\/de\/wp-json\/wp\/v2\/posts\/62885\/revisions"}],"predecessor-version":[{"id":62899,"href":"https:\/\/www.sos-light.ch\/de\/wp-json\/wp\/v2\/posts\/62885\/revisions\/62899"}],"wp:featuredmedia":[{"embeddable":true,"href":"https:\/\/www.sos-light.ch\/de\/wp-json\/wp\/v2\/media\/62887"}],"wp:attachment":[{"href":"https:\/\/www.sos-light.ch\/de\/wp-json\/wp\/v2\/media?parent=62885"}],"wp:term":[{"taxonomy":"category","embeddable":true,"href":"https:\/\/www.sos-light.ch\/de\/wp-json\/wp\/v2\/categories?post=62885"},{"taxonomy":"post_tag","embeddable":true,"href":"https:\/\/www.sos-light.ch\/de\/wp-json\/wp\/v2\/tags?post=62885"}],"curies":[{"name":"wp","href":"https:\/\/api.w.org\/{rel}","templated":true}]}}